{"id":63564,"date":"2026-04-30T08:57:27","date_gmt":"2026-04-30T12:57:27","guid":{"rendered":"https:\/\/raic.org\/?post_type=news&#038;p=63564"},"modified":"2026-04-30T09:15:42","modified_gmt":"2026-04-30T13:15:42","slug":"le-canada-annonce-les-laureats-nationaux-du-programme-de-travail-uia-architecture-et-enfants-des-golden-cubes-awards","status":"publish","type":"news","link":"https:\/\/raic.org\/fr\/nouvelles\/le-canada-annonce-les-laureats-nationaux-du-programme-de-travail-uia-architecture-et-enfants-des-golden-cubes-awards\/","title":{"rendered":"Le Canada annonce les laur\u00e9ats nationaux du Programme de travail UIA Architecture et Enfants des Golden Cubes Awards"},"content":{"rendered":"\n<p><strong>Ottawa (Ontario) <\/strong>\u2014 L\u2019Institut royal d\u2019architecture du Canada (IRAC) a le plaisir d\u2019annoncer les laur\u00e9ats canadiens du <a href=\"https:\/\/www.uia-architectes.org\/fr\/award\/6e-cycle-des-golden-cubes-awards\/\" target=\"_blank\" rel=\"noreferrer noopener\">Programme de travail UIA Architecture et Enfants des Golden Cubes Awards<\/a> de <a href=\"https:\/\/www.uia-architectes.org\/fr\/award\/cubes-dor-5eme-edition\/?utm_source=chatgpt.com\" target=\"_blank\" rel=\"noreferrer noopener\">l\u2019Union internationale des architectes (UIA)<\/a>.<\/p>\n\n\n\n<p>Les Golden Cubes Awards reconnaissent des initiatives exceptionnelles qui aident les enfants et les jeunes \u00e0 d\u00e9velopper une compr\u00e9hension approfondie de l\u2019architecture et de l\u2019environnement b\u00e2ti par le biais de l\u2019\u00e9ducation, des publications, des institutions et des m\u00e9dias. Organis\u00e9s \u00e0 l\u2019\u00e9chelle mondiale par le Programme de travail UIA Architecture et Enfants, ces prix c\u00e9l\u00e8brent l\u2019innovation et l\u2019excellence dans la promotion de la culture architecturale aupr\u00e8s des g\u00e9n\u00e9rations futures.<\/p>\n\n\n\n<p>\u00c0 la suite d\u2019un appel national de candidatures et d\u2019un processus de s\u00e9lection par jury, les laur\u00e9ats choisis au Canada pour le cycle 2026 sont :<\/p>\n\n\n\n<p><strong>Laur\u00e9ats nationaux du Canada<\/strong><\/p>\n\n\n\n<p><strong>Cat\u00e9gorie \u00c9coles:<\/strong><\/p>\n\n\n\n<p><a href=\"https:\/\/raic.org\/fr\/laureats-medailles\/fondements-du-design-dessin-a-la-main-et-fabrication-de-maquettes\/\" target=\"_blank\" rel=\"noreferrer noopener\">Edmonton Public Schools and Athabasca University \/ Fondements du design : dessin \u00e0 la main et fabrication de maquettes<\/a><\/p>\n\n\n\n<p><em>Membres de l\u2019\u00e9quipe et partenaires :<\/em><\/p>\n\n\n\n<p><em>EPS : Graeme Dowdell, Barbara Cook, Thomas Gillard, Karly Kulpa, Tim Boan, Karen Belter, Rick Pease.<\/em><\/p>\n\n\n\n<p><em>AU : Henry Tsang, Douglas MacLeod, Cynthia Dovell, Veronica Madonna, Trevor Butler, Emma Hansen, Carole Mason, Michael Shouldice.<\/em><\/p>\n\n\n\n<p><em>Pourquoi les architectes dessinent-ils? \u00c0 une \u00e9poque o\u00f9 les jeunes s\u2019appuient de plus en plus sur les technologies num\u00e9riques et l\u2019IA pour les t\u00e2ches cr\u00e9atives, \u00ab Foundations of Design \u00bb r\u00e9affirme la valeur de la r\u00e9flexion par le geste. L\u2019\u00e9criture, le dessin et la fabrication de maquettes renforcent le traitement cognitif, la r\u00e9tention de la m\u00e9moire, la perception spatiale, les habilet\u00e9s motrices et la concentration gr\u00e2ce \u00e0 un engagement actif et tactile. Le cours initie les \u00e9l\u00e8ves du secondaire (16 \u00e0 18 ans) \u00e0 l\u2019architecture en tant que pratique cr\u00e9ative, sociale et \u00e9thique.<\/em><\/p>\n\n\n\n<p><strong>Cat\u00e9gorie M\u00e9dias \u00e9crits :<\/strong><\/p>\n\n\n\n<p><a href=\"https:\/\/raic.org\/fr\/laureats-medailles\/w-is-for-winnipeg-a-little-architects-abc\/\" target=\"_blank\" rel=\"noreferrer noopener\">Rae St. Clair Bridgman \/ W comme Winnipeg \u2013 Le petit ab\u00e9c\u00e9daire de l\u2019architecte<\/a><\/p>\n\n\n\n<p><em>Un livre illustr\u00e9 destin\u00e9 aux jeunes enfants. L\u2019ouvrage c\u00e9l\u00e8bre l\u2019environnement b\u00e2ti de Winnipeg et son architecture embl\u00e9matique, tant historique que contemporaine, le tout vu \u00e0 travers le regard d\u2019un hibou.<\/em><\/p>\n\n\n\n<p>Chaque laur\u00e9at national a \u00e9t\u00e9 mis en candidature par l\u2019IRAC pour repr\u00e9senter le Canada au niveau international des Golden Cubes Awards. Un jury international convoqu\u00e9 par l\u2019UIA \u00e9valuera les candidatures des pays participants et s\u00e9lectionnera les laur\u00e9ats mondiaux.<\/p>\n\n\n\n<p>Les r\u00e9sultats internationaux seront annonc\u00e9s en mai 2026, et les laur\u00e9ats seront reconnus lors du <a href=\"https:\/\/www.uia-architectes.org\/fr\/events\/world-congresses-of-architects\/barcelone-2026\/\" target=\"_blank\" rel=\"noreferrer noopener\">Congr\u00e8s mondial des architectes de l\u2019UIA \u00e0 Barcelone<\/a>, qui se tiendra du 28 juin au 2 juillet 2026.<\/p>\n\n\n\n<p>Des photos des deux projets sont accessibles dans la trousse m\u00e9dia <a href=\"https:\/\/drive.google.com\/drive\/folders\/1MA11MkH8o-gPeXFSF1wGArCpQ-5JTx8-\" target=\"_blank\" rel=\"noreferrer noopener\">ici<\/a>.<\/p>\n\n\n\n<p><strong>\u00c0 propos des Golden Cubes Awards<\/strong><\/p>\n\n\n\n<p>Cr\u00e9\u00e9s en 2011, les Golden Cubes Awards rendent hommage aux personnes et aux organisations qui contribuent \u00e0 l\u2019\u00e9ducation architecturale des enfants et des jeunes. Le programme comprend quatre cat\u00e9gories : \u00c9coles, Institutions, M\u00e9dias \u00e9crits et M\u00e9dias audiovisuels, chaque pays participant proposant une candidature par cat\u00e9gorie pour l\u2019\u00e9valuation internationale.<\/p>\n\n\n\n<p><strong>\u00c0 propos de l\u2019IRAC<\/strong><\/p>\n\n\n\n<p>L\u2019Institut royal d\u2019architecture du Canada est un organisme national sans but lucratif qui repr\u00e9sente les architectes et l\u2019architecture depuis 1907. En tant que seule voix nationale pour l\u2019excellence du milieu b\u00e2ti, l\u2019IRAC fournit \u00e0 la communaut\u00e9 architecturale canadienne des outils, des ressources et de la formation qui am\u00e9liorent la pratique professionnelle.<\/p>\n\n\n\n<p>L\u2019IRAC s\u2019engage \u00e0 d\u00e9montrer comment le design am\u00e9liore la qualit\u00e9 de vie, tout en d\u00e9fendant des enjeux importants de soci\u00e9t\u00e9 par le biais d\u2019une architecture responsable. Le bureau national de l\u2019IRAC est situ\u00e9 \u00e0 Ottawa et s\u2019appuie sur un mod\u00e8le de sections f\u00e9d\u00e9r\u00e9es en croissance. Les sections et r\u00e9seaux actuels sont pr\u00e9sents en Colombie-Britannique, en Alberta et en Nouvelle-\u00c9cosse.<\/p>\n\n\n\n<p><strong>Contact presse<\/strong><\/p>\n\n\n\n<p>Communications de l\u2019IRAC<br><a href=\"mailto:communications@raic.org\">communications@raic.org<\/a><\/p>\n","protected":false},"excerpt":{"rendered":"<p>Ottawa (Ontario) \u2014 L\u2019Institut royal d\u2019architecture du Canada (IRAC) a le plaisir d\u2019annoncer les laur\u00e9ats canadiens du Programme de travail UIA Architecture et Enfants des Golden Cubes Awards de l\u2019Union internationale des architectes (UIA). Les Golden Cubes Awards reconnaissent des initiatives exceptionnelles qui aident les enfants et les jeunes \u00e0 d\u00e9velopper une compr\u00e9hension approfondie de [&hellip;]<\/p>\n","protected":false},"featured_media":0,"template":"","meta":{"_acf_changed":false},"news-result":[167],"news-topic":[795],"class_list":["post-63564","news","type-news","status-publish","hentry","news-result-media-release-2","news-topic-prix-et-distinctions"],"acf":[],"_links":{"self":[{"href":"https:\/\/raic.org\/fr\/wp-json\/wp\/v2\/news\/63564","targetHints":{"allow":["GET"]}}],"collection":[{"href":"https:\/\/raic.org\/fr\/wp-json\/wp\/v2\/news"}],"about":[{"href":"https:\/\/raic.org\/fr\/wp-json\/wp\/v2\/types\/news"}],"wp:attachment":[{"href":"https:\/\/raic.org\/fr\/wp-json\/wp\/v2\/media?parent=63564"}],"wp:term":[{"taxonomy":"news-result","embeddable":true,"href":"https:\/\/raic.org\/fr\/wp-json\/wp\/v2\/news-result?post=63564"},{"taxonomy":"news-topic","embeddable":true,"href":"https:\/\/raic.org\/fr\/wp-json\/wp\/v2\/news-topic?post=63564"}],"curies":[{"name":"wp","href":"https:\/\/api.w.org\/{rel}","templated":true}]}}