{"id":63432,"date":"2026-04-28T08:53:19","date_gmt":"2026-04-28T12:53:19","guid":{"rendered":"https:\/\/raic.org\/?post_type=news&#038;p=63432"},"modified":"2026-04-28T08:54:33","modified_gmt":"2026-04-28T12:54:33","slug":"declaration-de-lirac-sur-lintelligence-artificielle-en-architecture","status":"publish","type":"news","link":"https:\/\/raic.org\/fr\/nouvelles\/declaration-de-lirac-sur-lintelligence-artificielle-en-architecture\/","title":{"rendered":"D\u00e9claration de l\u2019IRAC sur l\u2019intelligence artificielle en architecture"},"content":{"rendered":"\n<p>L\u2019Institut royal d\u2019architecture du Canada reconna\u00eet que l\u2019intelligence artificielle transforme rapidement le contexte dans lequel l\u2019architecture est pratiqu\u00e9e, enseign\u00e9e et v\u00e9cue. Les outils d\u2019IA sont d\u00e9j\u00e0 utilis\u00e9s dans l\u2019ensemble de l\u2019environnement b\u00e2ti pour la recherche, la g\u00e9n\u00e9ration de concepts, la visualisation, le soutien \u00e0 la documentation, l\u2019analyse de donn\u00e9es, l\u2019\u00e9valuation de la durabilit\u00e9, l\u2019administration de projets et d\u2019autres t\u00e2ches. Utilis\u00e9s de mani\u00e8re r\u00e9fl\u00e9chie, ces outils peuvent aider les architectes \u00e0 am\u00e9liorer leur efficacit\u00e9, \u00e0 \u00e9largir l\u2019acc\u00e8s \u00e0 l\u2019information, \u00e0 renforcer la recherche en conception, \u00e0 appuyer la prise de d\u00e9cisions sensibles au climat et \u00e0 am\u00e9liorer les services offerts aux clients et aux collectivit\u00e9s. En m\u00eame temps, l\u2019IA soul\u00e8ve d\u2019importantes questions professionnelles, \u00e9thiques, juridiques, p\u00e9dagogiques et environnementales qui exigent un leadership attentif.<\/p>\n\n\n\n<p>L\u2019IRAC affirme que l\u2019architecture est une profession centr\u00e9e sur l\u2019humain et au service de l\u2019int\u00e9r\u00eat public. L\u2019intelligence artificielle peut appuyer la pratique, mais elle ne remplace pas l\u2019obligation de diligence de l\u2019architecte, son jugement professionnel, sa responsabilit\u00e9 \u00e9thique ni son imputabilit\u00e9 quant au travail r\u00e9alis\u00e9 sous sa supervision. L\u2019architecte demeure responsable de valider l\u2019information, d\u2019exercer un jugement critique, de prot\u00e9ger les int\u00e9r\u00eats des clients et du public, et de veiller \u00e0 ce que les d\u00e9cisions qui touchent l\u2019environnement b\u00e2ti soient \u00e9clair\u00e9es par l\u2019expertise humaine, le contexte et les valeurs.<\/p>\n\n\n\n<p>L\u2019IRAC appuie une approche responsable de l\u2019IA fond\u00e9e sur les principes suivants :<\/p>\n\n\n\n<ol class=\"wp-block-list\">\n<li class=\"has-medium-font-size\"><strong>Primaut\u00e9 de l\u2019int\u00e9r\u00eat public.<\/strong> L\u2019utilisation de l\u2019IA en architecture doit soutenir la sant\u00e9, la s\u00e9curit\u00e9, le bien-\u00eatre, l\u2019accessibilit\u00e9, la durabilit\u00e9 et la qualit\u00e9 \u00e0 long terme de l\u2019environnement b\u00e2ti.<br><\/li>\n\n\n\n<li class=\"has-medium-font-size\"><strong>Supervision humaine et imputabilit\u00e9. <\/strong>L\u2019IA ne doit pas supplanter la responsabilit\u00e9 humaine ultime en mati\u00e8re de d\u00e9cisions architecturales, de services professionnels ou de r\u00e9sultats destin\u00e9s au public.<br><\/li>\n\n\n\n<li class=\"has-medium-font-size\"><strong>Int\u00e9grit\u00e9 de la conception et paternit\u00e9 des \u0153uvres.<\/strong> Les architectes doivent utiliser l\u2019IA de mani\u00e8re \u00e0 respecter la paternit\u00e9, la propri\u00e9t\u00e9 intellectuelle et l\u2019int\u00e9grit\u00e9 du processus de conception, et faire preuve de transparence lorsque l\u2019IA contribue de mani\u00e8re significative aux r\u00e9sultats professionnels.<br><\/li>\n\n\n\n<li class=\"has-medium-font-size\"><strong>Exactitude, fiabilit\u00e9 et examen critique. <\/strong>Les contenus, analyses, recommandations et images g\u00e9n\u00e9r\u00e9s par l\u2019IA doivent \u00eatre examin\u00e9s et v\u00e9rifi\u00e9s avant d\u2019\u00eatre utilis\u00e9s dans la pratique, l\u2019enseignement, la repr\u00e9sentation ou les communications publiques.<br><\/li>\n\n\n\n<li class=\"has-medium-font-size\"><strong>Protection des renseignements, confidentialit\u00e9 et s\u00e9curit\u00e9.<\/strong> Les architectes et les firmes doivent prot\u00e9ger les renseignements confidentiels, exclusifs et personnels lors du choix et de l\u2019utilisation des outils d\u2019IA, et comprendre les risques li\u00e9s \u00e0 la saisie, au stockage, \u00e0 la conservation des donn\u00e9es et \u00e0 l\u2019entra\u00eenement des mod\u00e8les.<br><\/li>\n\n\n\n<li class=\"has-medium-font-size\"><strong>\u00c9quit\u00e9 et inclusion. <\/strong>Les syst\u00e8mes d\u2019IA peuvent reproduire ou amplifier des biais. Leur utilisation doit \u00eatre abord\u00e9e de mani\u00e8re critique afin d\u2019\u00e9viter des r\u00e9sultats discriminatoires et de soutenir des processus de conception \u00e9quitables, inclusifs et culturellement \u00e9clair\u00e9s.<br><\/li>\n\n\n\n<li class=\"has-medium-font-size\"><strong>Apprentissage, mentorat et avenir de la profession.<\/strong> \u00c0 mesure que l\u2019IA transforme les flux de travail, la profession doit veiller \u00e0 ce que les \u00e9tudiants, les stagiaires et les praticiens \u00e9mergents continuent de d\u00e9velopper des comp\u00e9tences de base, leur jugement et leur exp\u00e9rience gr\u00e2ce \u00e0 des occasions de mentorat et de pratique significatives.<br><\/li>\n\n\n\n<li class=\"has-medium-font-size\"><strong>Responsabilit\u00e9 environnementale. <\/strong>Les d\u00e9cisions relatives \u00e0 l\u2019adoption de l\u2019IA doivent tenir compte des impacts environnementaux, y compris la consommation d\u2019\u00e9nergie et de ressources, en parall\u00e8le des avantages potentiels.<br><\/li>\n<\/ol>\n\n\n\n<p>Conform\u00e9ment \u00e0 ces principes, l\u2019IRAC s\u2019engage \u00e0 :<\/p>\n\n\n\n<ul class=\"wp-block-list\">\n<li class=\"has-medium-font-size\">Faire progresser la formation pratique et le perfectionnement professionnel sur l\u2019IA en architecture;<br><\/li>\n\n\n\n<li class=\"has-medium-font-size\">Soutenir le dialogue entre la pratique, l\u2019enseignement, la r\u00e9glementation et les disciplines connexes;<br><\/li>\n\n\n\n<li class=\"has-medium-font-size\">\u00c9laborer et diffuser des lignes directrices sur l\u2019utilisation responsable, notamment en ce qui concerne le jugement, la divulgation, la confidentialit\u00e9, la paternit\u00e9 et les risques;<br><\/li>\n\n\n\n<li class=\"has-medium-font-size\">Suivre l\u2019\u00e9volution du droit, des politiques, des normes et de la pratique professionnelle au Canada et \u00e0 l\u2019international;<br><\/li>\n\n\n\n<li class=\"has-medium-font-size\">R\u00e9viser p\u00e9riodiquement cette d\u00e9claration \u00e0 mesure que la technologie, les donn\u00e9es probantes et le cadre r\u00e9glementaire \u00e9voluent.<br><\/li>\n<\/ul>\n\n\n\n<p>L\u2019IRAC encourage les architectes \u00e0 aborder l\u2019IA ni de mani\u00e8re irr\u00e9fl\u00e9chie ni avec crainte, mais avec curiosit\u00e9, prudence et responsabilit\u00e9 professionnelle. L\u2019avenir de l\u2019architecture doit \u00eatre fa\u00e7onn\u00e9 non seulement par la technologie, mais aussi par les valeurs, le jugement et le leadership au service de l\u2019int\u00e9r\u00eat public de la profession.<\/p>\n","protected":false},"excerpt":{"rendered":"<p>L\u2019Institut royal d\u2019architecture du Canada reconna\u00eet que l\u2019intelligence artificielle transforme rapidement le contexte dans lequel l\u2019architecture est pratiqu\u00e9e, enseign\u00e9e et v\u00e9cue. Les outils d\u2019IA sont d\u00e9j\u00e0 utilis\u00e9s dans l\u2019ensemble de l\u2019environnement b\u00e2ti pour la recherche, la g\u00e9n\u00e9ration de concepts, la visualisation, le soutien \u00e0 la documentation, l\u2019analyse de donn\u00e9es, l\u2019\u00e9valuation de la durabilit\u00e9, l\u2019administration de [&hellip;]<\/p>\n","protected":false},"featured_media":63431,"template":"","meta":{"_acf_changed":false},"news-result":[872],"news-topic":[805],"class_list":["post-63432","news","type-news","status-publish","has-post-thumbnail","hentry","news-result-declarations-et-lettres","news-topic-actualites-generales"],"acf":[],"_links":{"self":[{"href":"https:\/\/raic.org\/fr\/wp-json\/wp\/v2\/news\/63432","targetHints":{"allow":["GET"]}}],"collection":[{"href":"https:\/\/raic.org\/fr\/wp-json\/wp\/v2\/news"}],"about":[{"href":"https:\/\/raic.org\/fr\/wp-json\/wp\/v2\/types\/news"}],"wp:featuredmedia":[{"embeddable":true,"href":"https:\/\/raic.org\/fr\/wp-json\/wp\/v2\/media\/63431"}],"wp:attachment":[{"href":"https:\/\/raic.org\/fr\/wp-json\/wp\/v2\/media?parent=63432"}],"wp:term":[{"taxonomy":"news-result","embeddable":true,"href":"https:\/\/raic.org\/fr\/wp-json\/wp\/v2\/news-result?post=63432"},{"taxonomy":"news-topic","embeddable":true,"href":"https:\/\/raic.org\/fr\/wp-json\/wp\/v2\/news-topic?post=63432"}],"curies":[{"name":"wp","href":"https:\/\/api.w.org\/{rel}","templated":true}]}}