{"id":47337,"date":"2025-06-30T09:00:00","date_gmt":"2025-06-30T13:00:00","guid":{"rendered":"https:\/\/staging.raic.symbiodev.xyz\/?post_type=news&#038;p=47337"},"modified":"2025-12-12T13:39:27","modified_gmt":"2025-12-12T18:39:27","slug":"lirac-lance-un-atelier-sur-lanalyse-du-cycle-de-vie-pour-les-professionnels-de-laic-et-loffre-gratuitement-a-la-demande-2","status":"publish","type":"news","link":"https:\/\/raic.org\/fr\/nouvelles\/lirac-lance-un-atelier-sur-lanalyse-du-cycle-de-vie-pour-les-professionnels-de-laic-et-loffre-gratuitement-a-la-demande-2\/","title":{"rendered":"L\u2019IRAC lance un atelier sur l\u2019analyse du cycle de vie pour les professionnels de l\u2019AIC et l\u2019offre gratuitement, \u00e0 la demande"},"content":{"rendered":"<div>\n<p><strong>OTTAWA, le 30 juin 2025<\/strong> \u2013\u00a0L\u2019Institut royal d\u2019architecture du Canada (IRAC) a le plaisir d\u2019annoncer le lancement d\u2019un atelier gratuit, offert \u00e0 la demande, sur l\u2019analyse du cycle de vie (ACV), et maintenant disponible par l\u2019interm\u00e9diaire du Syst\u00e8me de gestion de l\u2019apprentissage de l\u2019IRAC.\u00a0<\/p>\n<div>\n<p>\u00c9labor\u00e9 en collaboration avec le Conseil national de recherches du Canada et des experts en la mati\u00e8re de la firme Ha\/f Climate Design, ce cours que chacun peut suivre \u00e0 son rythme pr\u00e9sente aux architectes, aux ing\u00e9nieurs et aux professionnels du design les principes et les outils de l\u2019ACV. Il est con\u00e7u pour aider les professionnels \u00e0 \u00e9valuer les impacts environnementaux des b\u00e2timents tout au long de leur cycle de vie afin de favoriser une prise de d\u00e9cision plus durable et consciente du climat.<\/p>\n<\/div>\n<div>\n<p>\u00ab\u00a0Nous sommes fiers d\u2019offrir gratuitement l\u2019acc\u00e8s \u00e0 une formation qui favorise le leadership environnemental en architecture et au sein de l\u2019industrie \u00e9largie de l\u2019AIC\u00a0\u00bb, a d\u00e9clar\u00e9 Jonathan Bisson, FIRAC, pr\u00e9sident de l\u2019IRAC. \u00ab\u00a0Les comp\u00e9tences en analyse du cycle de vie sont cruciales pour l\u2019avenir de la profession.\u00a0\u00bb<\/p>\n<\/div>\n<div>\n<p>Inscrivez-vous d\u00e8s aujourd\u2019hui et commencez votre apprentissage\u00a0: <a href=\"\/fr\/product\/evaluation-du-cycle-de-vie-complet-du-batiment-la-demande\" rel=\"noreferrer noopener\" target=\"_blank\">Analyse du cycle de vie de l\u2019ensemble du b\u00e2timent (\u00e0 la demande)<\/a><span><\/span><\/p>\n<\/div>\n<\/div>\n<div>\n<p>Contact m\u00e9dias :\u00a0<br \/>\nCommunications de l\u2019IRAC\u00a0<br \/>\n<a href=\"mailto:communications@raic.org\" rel=\"noreferrer noopener\" style=\"margin: 0px;padding: 0px;border: 0px;vertical-align: baseline;line-height: inherit\" target=\"_blank\">communications@raic.org<\/a><\/p>\n<\/div>\n","protected":false},"excerpt":{"rendered":"<p>L\u2019Institut royal d\u2019architecture du Canada (IRAC) a le plaisir d\u2019annoncer le lancement d\u2019un atelier gratuit, offert \u00e0 la demande, sur l\u2019analyse du cycle de vie (ACV).<\/p>\n","protected":false},"featured_media":0,"template":"","meta":{"_acf_changed":false},"news-result":[167,14],"news-topic":[794],"class_list":["post-47337","news","type-news","status-publish","hentry","news-result-media-release-2","news-result-media-release","news-topic-annonce"],"acf":[],"_links":{"self":[{"href":"https:\/\/raic.org\/fr\/wp-json\/wp\/v2\/news\/47337","targetHints":{"allow":["GET"]}}],"collection":[{"href":"https:\/\/raic.org\/fr\/wp-json\/wp\/v2\/news"}],"about":[{"href":"https:\/\/raic.org\/fr\/wp-json\/wp\/v2\/types\/news"}],"wp:attachment":[{"href":"https:\/\/raic.org\/fr\/wp-json\/wp\/v2\/media?parent=47337"}],"wp:term":[{"taxonomy":"news-result","embeddable":true,"href":"https:\/\/raic.org\/fr\/wp-json\/wp\/v2\/news-result?post=47337"},{"taxonomy":"news-topic","embeddable":true,"href":"https:\/\/raic.org\/fr\/wp-json\/wp\/v2\/news-topic?post=47337"}],"curies":[{"name":"wp","href":"https:\/\/api.w.org\/{rel}","templated":true}]}}